{"id":1403,"date":"2021-08-12T15:56:26","date_gmt":"2021-08-12T13:56:26","guid":{"rendered":"https:\/\/weissenhofmuseum.de\/?p=1403"},"modified":"2021-09-30T12:44:56","modified_gmt":"2021-09-30T10:44:56","slug":"brahha-temporaere-installation-auf-dem-gelaende-bruckmannweg-10-in-der-weissenhofsiedlung","status":"publish","type":"post","link":"https:\/\/weissenhofmuseum.de\/en\/brahha-temporaere-installation-auf-dem-gelaende-bruckmannweg-10-in-der-weissenhofsiedlung\/","title":{"rendered":"Extended!!! br\u0101hha &#8211; Temporary installation on the Bruckmannweg 10 in the Weissenhof Estate"},"content":{"rendered":"<p><\/p>\n<div id=\"tw-target-text-container\" class=\"tw-ta-container F0azHf tw-nfl\" tabindex=\"0\">\n<p dir=\"ltr\" data-placeholder=\"\u00dcbersetzung\"><img loading=\"lazy\" decoding=\"async\" class=\"alignnone wp-image-1386\" src=\"https:\/\/weissenhofmuseum.de\/wp-content\/uploads\/2021\/08\/brahha_Installation-Bruckmannweg-10-600x450.jpg\" alt=\"\" width=\"434\" height=\"325\" srcset=\"https:\/\/weissenhofmuseum.de\/wp-content\/uploads\/2021\/08\/brahha_Installation-Bruckmannweg-10-600x450.jpg 600w, https:\/\/weissenhofmuseum.de\/wp-content\/uploads\/2021\/08\/brahha_Installation-Bruckmannweg-10-1200x900.jpg 1200w, https:\/\/weissenhofmuseum.de\/wp-content\/uploads\/2021\/08\/brahha_Installation-Bruckmannweg-10-768x576.jpg 768w, https:\/\/weissenhofmuseum.de\/wp-content\/uploads\/2021\/08\/brahha_Installation-Bruckmannweg-10-1536x1152.jpg 1536w, https:\/\/weissenhofmuseum.de\/wp-content\/uploads\/2021\/08\/brahha_Installation-Bruckmannweg-10-300x225.jpg 300w, https:\/\/weissenhofmuseum.de\/wp-content\/uploads\/2021\/08\/brahha_Installation-Bruckmannweg-10.jpg 1772w\" sizes=\"auto, (max-width: 434px) 100vw, 434px\" \/><br \/>\n<span class=\"small\">\u00a9 <span lang=\"de-DE\">Julia Sch\u00e4fer, Ann-Kathrin M\u00fcller, VG Bild-Kunst, Bonn 2021<\/span><\/span><\/p>\n<p id=\"tw-target-text\" class=\"tw-data-text tw-text-large XcVN5d tw-ta\" dir=\"ltr\" data-placeholder=\"\u00dcbersetzung\"><strong><span class=\"Y2IQFc\" lang=\"en\">Extended until 17th of October 2021 &#8212; As part of the CURRENT Festival Stuttgart and on behalf of the Friends of the Weissenhofsiedlung e.V., the temporary installation <em>br\u0101hha<\/em> by Ann-Kathrin M\u00fcller and Julia Sch\u00e4fer will be on view on Bruckmannweg 10 in the Stuttgart Weissenhofsiedlung from September 11th to 19th, 2021.<br \/>\nThe installation is freely accessible round the clock. <\/span><\/strong><span class=\"Y2IQFc\" lang=\"en\"><strong>If you want to listen to the texts without visiting the installation, you can call on telephone number 0711-25 29 95 01 free of charge.<\/strong><\/span><\/p>\n<p id=\"tw-target-text\" class=\"tw-data-text tw-text-large XcVN5d tw-ta\" dir=\"ltr\" data-placeholder=\"\u00dcbersetzung\"><span class=\"Y2IQFc\" lang=\"en\"><em>br\u0101hha<\/em> is an inspection in eleven text miniatures about the fallow land and what thrives from it, about geological layers and the history of time. Via walkways, visitors are led to the overgrown property at Bruckmannweg 10 in the Weissenhof Estate and are guided through an audio walk using their own mobile phone. It contains the remains of the building by the Stuttgart architect Richard D\u00f6cker, which was destroyed in the Second World War. <em>br\u0101hha<\/em> reflects on the effects of the war on the European (urban) landscape from a feminist perspective.<br \/>\nThe word <em>br\u0101hha<\/em> derives from the Old High German and means <em>breaking up<\/em>, the <em>first plowing of the field<\/em>.<br \/>\n<\/span><span class=\"Y2IQFc\" lang=\"en\">The research-based project by the artists Ann-Kathrin M\u00fcller and Julia Sch\u00e4fer will be realized together with the author Judith Engel, the industrial designer team anima ona and the graphic designer Maximilian Haslauer and Alina Derya Yakaboylu.<\/span><\/p>\n<p class=\"tw-data-text tw-text-large XcVN5d tw-ta\" dir=\"ltr\" data-placeholder=\"\u00dcbersetzung\"><span class=\"Y2IQFc\" lang=\"en\"><strong>Opening:<br \/>\nSeptember 10th, 2021, 7\u201310 p.m.<br \/>\nBruckmannweg 10, Weissenhofsiedlung<br \/>\nGreetings and introduction: Suse Kletzin, chairperson Freunde der Weissenhofsiedlung e.V.<br \/>\nA herbal ice tea with herbs from the field Bruckmannweg 10 is served, made by the ceramic and tea specialist Lena Grasler.<br \/>\n<\/strong><\/span><strong><span class=\"Y2IQFc\" lang=\"en\">No registration is required. <\/span><\/strong><\/p>\n<p id=\"tw-target-text\" class=\"tw-data-text tw-text-large XcVN5d tw-ta\" dir=\"ltr\" data-placeholder=\"\u00dcbersetzung\"><strong>Accompanying program:<br \/>\nSeptember 12th, 2021, 8 p.m.:<br \/>\n<\/strong><span class=\"Y2IQFc\" lang=\"en\">On the Open Monument Day, the installation will be accompanied by a film program in the Atelier am Bollwerk in Stuttgart. <\/span><span class=\"Y2IQFc\" lang=\"en\">On display are &#8220;N.N.&#8221; (FRG, 1969) by Ottomar Domnick and &#8220;Martha&#8221; (GDR, 1978) by J\u00fcrgen B\u00f6ttcher. More information and tickets: <a href=\"https:\/\/arthaus-kino.de\/filme\/sonderprogramm\/\">https:\/\/arthaus-kino.de\/filme\/sonderprogramm\/\u00a0\u00a0<\/a><br \/>\n<strong>September 14th, 2021, 6 p.m.:<br \/>\n<\/strong>The artists invite you to an architecture tour with the collection manager Vera Romeu in the Villa Domnick in N\u00fcrtingen. Tickets with prior registration: stiftung@domnick.de<\/span><\/p>\n<\/div>\n<div id=\"tw-target-rmn-container\" class=\"tw-target-rmn tw-ta-container F0azHf tw-nfl\">\n<p dir=\"ltr\" data-placeholder=\"\u00dcbersetzung\">In cooperation with:<\/p>\n<p dir=\"ltr\" data-placeholder=\"\u00dcbersetzung\"><img loading=\"lazy\" decoding=\"async\" class=\"alignnone wp-image-1414\" src=\"\/wp-content\/uploads\/2021\/08\/Current-Logo-V4-600x151.png\" alt=\"\" width=\"202\" height=\"51\" srcset=\"https:\/\/weissenhofmuseum.de\/wp-content\/uploads\/2021\/08\/Current-Logo-V4-600x151.png 600w, https:\/\/weissenhofmuseum.de\/wp-content\/uploads\/2021\/08\/Current-Logo-V4-1200x303.png 1200w, https:\/\/weissenhofmuseum.de\/wp-content\/uploads\/2021\/08\/Current-Logo-V4-768x194.png 768w, https:\/\/weissenhofmuseum.de\/wp-content\/uploads\/2021\/08\/Current-Logo-V4-1536x388.png 1536w, https:\/\/weissenhofmuseum.de\/wp-content\/uploads\/2021\/08\/Current-Logo-V4-2048x517.png 2048w, https:\/\/weissenhofmuseum.de\/wp-content\/uploads\/2021\/08\/Current-Logo-V4-300x76.png 300w\" sizes=\"auto, (max-width: 202px) 100vw, 202px\" \/><\/p>\n<p dir=\"ltr\" data-placeholder=\"\u00dcbersetzung\">Sponsored by:<br \/>\n<img loading=\"lazy\" decoding=\"async\" class=\"\" src=\"\/wp-content\/uploads\/2021\/09\/wustenrot.png\" alt=\"\" width=\"181\" height=\"75\" \/>\u00a0 \u00a0 \u00a0 \u00a0 \u00a0 <img loading=\"lazy\" decoding=\"async\" class=\"alignnone wp-image-1432\" src=\"\/wp-content\/uploads\/2021\/08\/MWK_Logo_freigestellt_SW-600x192.png\" alt=\"\" width=\"194\" height=\"62\" srcset=\"https:\/\/weissenhofmuseum.de\/wp-content\/uploads\/2021\/08\/MWK_Logo_freigestellt_SW-600x192.png 600w, https:\/\/weissenhofmuseum.de\/wp-content\/uploads\/2021\/08\/MWK_Logo_freigestellt_SW-1200x384.png 1200w, https:\/\/weissenhofmuseum.de\/wp-content\/uploads\/2021\/08\/MWK_Logo_freigestellt_SW-768x246.png 768w, https:\/\/weissenhofmuseum.de\/wp-content\/uploads\/2021\/08\/MWK_Logo_freigestellt_SW-1536x492.png 1536w, https:\/\/weissenhofmuseum.de\/wp-content\/uploads\/2021\/08\/MWK_Logo_freigestellt_SW-300x96.png 300w, https:\/\/weissenhofmuseum.de\/wp-content\/uploads\/2021\/08\/MWK_Logo_freigestellt_SW.png 1789w\" sizes=\"auto, (max-width: 194px) 100vw, 194px\" \/>\u00a0 \u00a0 \u00a0 \u00a0 \u00a0<img loading=\"lazy\" decoding=\"async\" class=\"\" src=\"\/wp-content\/uploads\/2020\/08\/LogoFreunde_Web.jpg\" alt=\"\" width=\"313\" height=\"92\" \/><\/p>\n<\/div>\n<p><\/p>","protected":false},"excerpt":{"rendered":"\u00a9 Julia Sch\u00e4fer, Ann-Kathrin M\u00fcller, VG Bild-Kunst, Bonn 2021 Extended until 17th of October 2021 &#8212; As part of the CURRENT Festival Stuttgart and on behalf of the Friends of the Weissenhofsiedlung e.V., the temporary installation br\u0101hha by Ann-Kathrin M\u00fcller and Julia Sch\u00e4fer will be on view on Bruckmannweg 10 in the Stuttgart Weissenhofsiedlung from [&hellip;]","protected":false},"author":3,"featured_media":0,"comment_status":"closed","ping_status":"open","sticky":false,"template":"","format":"standard","meta":{"_acf_changed":false,"footnotes":""},"categories":[1],"tags":[],"class_list":["post-1403","post","type-post","status-publish","format-standard","hentry","category-allgemein"],"acf":[],"_links":{"self":[{"href":"https:\/\/weissenhofmuseum.de\/en\/wp-json\/wp\/v2\/posts\/1403","targetHints":{"allow":["GET"]}}],"collection":[{"href":"https:\/\/weissenhofmuseum.de\/en\/wp-json\/wp\/v2\/posts"}],"about":[{"href":"https:\/\/weissenhofmuseum.de\/en\/wp-json\/wp\/v2\/types\/post"}],"author":[{"embeddable":true,"href":"https:\/\/weissenhofmuseum.de\/en\/wp-json\/wp\/v2\/users\/3"}],"replies":[{"embeddable":true,"href":"https:\/\/weissenhofmuseum.de\/en\/wp-json\/wp\/v2\/comments?post=1403"}],"version-history":[{"count":61,"href":"https:\/\/weissenhofmuseum.de\/en\/wp-json\/wp\/v2\/posts\/1403\/revisions"}],"predecessor-version":[{"id":1499,"href":"https:\/\/weissenhofmuseum.de\/en\/wp-json\/wp\/v2\/posts\/1403\/revisions\/1499"}],"wp:attachment":[{"href":"https:\/\/weissenhofmuseum.de\/en\/wp-json\/wp\/v2\/media?parent=1403"}],"wp:term":[{"taxonomy":"category","embeddable":true,"href":"https:\/\/weissenhofmuseum.de\/en\/wp-json\/wp\/v2\/categories?post=1403"},{"taxonomy":"post_tag","embeddable":true,"href":"https:\/\/weissenhofmuseum.de\/en\/wp-json\/wp\/v2\/tags?post=1403"}],"curies":[{"name":"wp","href":"https:\/\/api.w.org\/{rel}","templated":true}]}}