{"id":2129,"date":"2023-05-24T14:24:29","date_gmt":"2023-05-24T12:24:29","guid":{"rendered":"https:\/\/weissenhofmuseum.de\/?p=2129"},"modified":"2023-06-26T08:19:20","modified_gmt":"2023-06-26T06:19:20","slug":"iba-27-festival-1","status":"publish","type":"post","link":"https:\/\/weissenhofmuseum.de\/en\/iba-27-festival-1\/","title":{"rendered":"IBA\u00b427-Festival#1:<br>a kick-off event near the Weissenhof Estate"},"content":{"rendered":"<p><\/p>\n<h4>Fri, June 23rd, 2023, 4\u2013 8 pm<br \/>\n\u201eOutsight in \u2013 view from the Weissenhof estate into the region&#8221;<\/h4>\n<p>Opeing of an Installation on the Hermann-Lenz-H\u00f6he near the Weissenhof Estate<br \/>\nOne of the kick-off events of the <a href=\"https:\/\/festival.iba27.de\/\" target=\"_blank\" rel=\"noopener\">IBA\u201927-Festival #1<\/a>, organized by <a href=\"https:\/\/freunde-weissenhof.de\/\" target=\"_blank\" rel=\"noopener\">Freunde der Weissenhofsiedlung e.V.<\/a> and <a href=\"https:\/\/www.iba27.de\/\" target=\"_blank\" rel=\"noopener\">IBA\u00b427<\/a><\/p>\n<p>&nbsp;<\/p>\n<h4>4 &#8211; 6 pm:<br \/>\nIBA-housing projects introduce themselves<\/h4>\n<p>The first IBA\u00b427-Festival is starting\u2013 and we are joining at the Weissenhof Estate!<\/p>\n<p>The Weissenhof Estate (Weissenhofsiedlung) is one of the most important examples of &#8220;Neues Bauen&#8221; (&#8220;New Objectivity&#8221; or &#8220;New Building&#8221;) in the history of architecture. It was part of a building exhibition held by Deutscher Werkbund together with the city of Stuttgart in 1927.<\/p>\n<p>About 100 years later, the IBA\u00b427 starts it&#8217;s first IBA\u00b427-festival exactly here: Architects from seven IBA housing projects present their ideas and plans for living today. And thus build a bridge from the past to the future.<\/p>\n<p>Under trees and the open sky, scaffolding, printed truck tarpuiles and huge red letters, visible from afar, attract people&#8217;s attention. The tower is a signal for the IBA\u00b427. You can walk inside the installation and experience it &#8211; and at the opening event you can grab a drink and speak with architects of several IBA-projects.<\/p>\n<p>Those involved in the projects are on site and will present and discuss their work with some organizers of the IBA\u00b427, Friends of the Weissenhof Estate and the audience: What is left of the ideas of &#8220;New Building&#8221;? What differences and parallels are there between yesterday and today? And how can the Weissenhof Estate, an inhabited monument, be developed for the future?<\/p>\n<p><strong>Location:<\/strong> Hermann-Lenz-H\u00f6he (opposite of Birkenwaldstr. 217), 70191 Stuttgart<\/p>\n<p><strong>IBA projects which are presented:<\/strong> Quartier am Rotweg, Quartier B\u00f6ckinger Stra\u00dfe, Quartier C1, Tobias-Mayer-Quartier, KaepseLE-Gold\u00e4cker, Zukunft M\u00fcnster 2050, Leben in der Vorstadt (Schorndorf), 1927-heute-2027 (Weiterentwicklung Weissenhofsiedlung)<\/p>\n<p><strong>Moderation:<\/strong> Grazyna Adamczyk-Arns (IBA\u00b427), Dr. Raquel Jauregu\u00edzar (IBA\u00b427), Suse Kletzin (Freunde)<\/p>\n<p>&nbsp;<\/p>\n<h4>starting at 6 pm:<br \/>\nArt events alsongside the Gaucherstra\u00dfe<\/h4>\n<p>A green, overgrowm path winds its way from the Hermann-Lenz-H\u00f6he to the Wagenhallen through alotment gardens. A group of performance artists of the Wagenhallen (Florian Feisel) will perform the walking-act &#8220;bipolare Nagetierbegleitung&#8221;.<\/p>\n<p>Located at the container city of <a href=\"http:\/\/kunstverein-wagenhalle.de\/\" target=\"_blank\" rel=\"noopener\">Wagenhallen<\/a> you can let the evening come to an end with the performance Festival <a href=\"http:\/\/kunstverein-wagenhalle.de\/events\/performing-the-other-martina-wegener\/\" target=\"_blank\" rel=\"noopener\">\u201ePerforming the Others\u201c<\/a> from Martina Wegener.<\/p>\n<p>&nbsp;<\/p>\n<h4>More IBA&#8217;27-Festival#1 kick-off events:<\/h4>\n<p>starting at 2 pm: <a href=\"https:\/\/festival.iba27.de\/programm\/festival-auftakt-groundbreaking-stadtgarten\/\" target=\"_blank\" rel=\"noopener\">GroundBreaking Stadtgarten<\/a><br \/>\nstarting at 8.30 pm: <a href=\"https:\/\/festival.iba27.de\/programm\/festival-auftakt\/\" target=\"_blank\" rel=\"noopener\">Opening of the IBA\u201927-Festivalzentrale<\/a><\/p>","protected":false},"excerpt":{"rendered":"Fri, June 23rd, 2023, 4\u2013 8 pm \u201eOutsight in \u2013 view from the Weissenhof estate into the region&#8221; Opeing of an Installation on the Hermann-Lenz-H\u00f6he near the Weissenhof Estate One of the kick-off events of the IBA\u201927-Festival #1, organized by Freunde der Weissenhofsiedlung e.V. and IBA\u00b427 &nbsp; 4 &#8211; 6 pm: IBA-housing projects introduce themselves [&hellip;]","protected":false},"author":4,"featured_media":0,"comment_status":"closed","ping_status":"open","sticky":false,"template":"","format":"standard","meta":{"_acf_changed":false,"footnotes":""},"categories":[1],"tags":[],"class_list":["post-2129","post","type-post","status-publish","format-standard","hentry","category-allgemein"],"acf":[],"_links":{"self":[{"href":"https:\/\/weissenhofmuseum.de\/en\/wp-json\/wp\/v2\/posts\/2129","targetHints":{"allow":["GET"]}}],"collection":[{"href":"https:\/\/weissenhofmuseum.de\/en\/wp-json\/wp\/v2\/posts"}],"about":[{"href":"https:\/\/weissenhofmuseum.de\/en\/wp-json\/wp\/v2\/types\/post"}],"author":[{"embeddable":true,"href":"https:\/\/weissenhofmuseum.de\/en\/wp-json\/wp\/v2\/users\/4"}],"replies":[{"embeddable":true,"href":"https:\/\/weissenhofmuseum.de\/en\/wp-json\/wp\/v2\/comments?post=2129"}],"version-history":[{"count":30,"href":"https:\/\/weissenhofmuseum.de\/en\/wp-json\/wp\/v2\/posts\/2129\/revisions"}],"predecessor-version":[{"id":2325,"href":"https:\/\/weissenhofmuseum.de\/en\/wp-json\/wp\/v2\/posts\/2129\/revisions\/2325"}],"wp:attachment":[{"href":"https:\/\/weissenhofmuseum.de\/en\/wp-json\/wp\/v2\/media?parent=2129"}],"wp:term":[{"taxonomy":"category","embeddable":true,"href":"https:\/\/weissenhofmuseum.de\/en\/wp-json\/wp\/v2\/categories?post=2129"},{"taxonomy":"post_tag","embeddable":true,"href":"https:\/\/weissenhofmuseum.de\/en\/wp-json\/wp\/v2\/tags?post=2129"}],"curies":[{"name":"wp","href":"https:\/\/api.w.org\/{rel}","templated":true}]}}