{"id":2724,"date":"2024-06-07T11:58:26","date_gmt":"2024-06-07T09:58:26","guid":{"rendered":"https:\/\/weissenhofmuseum.de\/?p=2724"},"modified":"2024-07-02T14:20:37","modified_gmt":"2024-07-02T12:20:37","slug":"ausstellungs-parcours-spaziergangca-bouge-en-ville-bewegt-euchsport-und-architektur-fuer-morgen","status":"publish","type":"post","link":"https:\/\/weissenhofmuseum.de\/en\/ausstellungs-parcours-spaziergangca-bouge-en-ville-bewegt-euchsport-und-architektur-fuer-morgen\/","title":{"rendered":"Finissage-walk:<br>Ca bouge en ville &#8211; Let&#8217;s move! Sports and architecture of tomorrow"},"content":{"rendered":"<p><img loading=\"lazy\" decoding=\"async\" class=\"alignnone wp-image-2669\" src=\"https:\/\/weissenhofmuseum.de\/wp-content\/uploads\/2024\/04\/VISUEL_640X320PX_MUSEUM-600x300.png\" alt=\"\" width=\"528\" height=\"264\" srcset=\"https:\/\/weissenhofmuseum.de\/wp-content\/uploads\/2024\/04\/VISUEL_640X320PX_MUSEUM-600x300.png 600w, https:\/\/weissenhofmuseum.de\/wp-content\/uploads\/2024\/04\/VISUEL_640X320PX_MUSEUM-1200x600.png 1200w, https:\/\/weissenhofmuseum.de\/wp-content\/uploads\/2024\/04\/VISUEL_640X320PX_MUSEUM-768x384.png 768w, https:\/\/weissenhofmuseum.de\/wp-content\/uploads\/2024\/04\/VISUEL_640X320PX_MUSEUM-1536x768.png 1536w, https:\/\/weissenhofmuseum.de\/wp-content\/uploads\/2024\/04\/VISUEL_640X320PX_MUSEUM-2048x1024.png 2048w, https:\/\/weissenhofmuseum.de\/wp-content\/uploads\/2024\/04\/VISUEL_640X320PX_MUSEUM-300x150.png 300w\" sizes=\"auto, (max-width: 528px) 100vw, 528px\" \/><\/p>\n<p>The upcoming Franco-German summer of sport &#8211; first the European Football Championships in Germany and then the Olympic Games in Paris &#8211; offers a unique opportunity to question ourselves about our lifestyles and the way we (want to) inhabit the world of today and tomorrow.<\/p>\n<p>Five partner organizations: Institut francais Stuttgart (overall coordination), Architekturgalerie am Weissenhof, IBA&#8217;27 Friends, BDA Baden-W\u00fcrttemberg and the Weissenhof Museum in Le Corbusier House, invite you to experience the exhibition &#8220;\u00c7a bouge en ville! &#8211; Get moving!&#8221; in the form of a trail.<\/p>\n<p>This begins in the Weissenhof workshop in the Mies van der Rohe House and is dedicated to the combination of Le Corbusier&#8217;s architecture with sporting practice. In the Weissenhof workshop, we are also showing an exhibition in the table showcases on the role of sport for Le Corbusier and the other Weissenhof architects. This supplementary exhibition was curated by Kathrin Wagner-Douglas.<\/p>\n<p>The second stop will be the architecture gallery at Weissenhof. The focus there will be on issues relating to spatial concepts and sustainable sports facilities. Visitors should plan around 50 minutes (3.6 km) for their walk from the north of Stuttgart to the city center to the next stop, the BDA Wechselraum (near the main train station), where future concepts will be discussed that deal with the conditions and requirements for sport in urban spaces. Via an intermediate stop, the IBA&#8217;27 space (Calwerstr.\/corner of Kienestr.), the route continues to the fifth and final stop, the Institut fran\u00e7ais on Berliner Platz. Here everything revolves around e-sports.<\/p>\n<p>&nbsp;<\/p>\n<p><strong>About the exhibition<\/strong><\/p>\n<p>In 2023, with the organisation in France of two major sporting events &#8211; the Rugby World Cup and the future Olympic and Paralympic Games in Paris 2024 &#8211; the Site Le Corbusier invites us to look at our way of living in today\u2019s and tomorrow\u2019s world. The exhibition <em>Let\u2019s move in the city! Sport and Architecture for Tomorrow<\/em>, created by the architectural agency, <em>DREAM<\/em>, questions the place of sport in the city of tomorrow. In 2020, the lockdown caused by the COVID epidemic has turned the city into an open-air gymnasium, even a place of daily practice. In 2022, the Football World Cup in Qatar triggered a wave of indignation. This constant media coverage of professional sport reveals its growing role and the issues it raises in our contemporary societies. Essential to public health and a vector of socialisation, sport is at the same time a leisure, a set of techniques and an economic issue. It constitutes an institutional organisation and is at the heart of territorial political strategies.<\/p>\n<p>The first International Congresses of Modern Architecture in the 1930s increased the general awareness about the influence of sport in the design of space on an urban scale. In Firminy, the <em>Centre for re<\/em><em>\u2011<\/em><em>creation of the body and mind <\/em>designed by Le Corbusier is an example of this functionalist urbanism where people should not only work but also have access to leisure. Today, the overall increase of leisure and entertainment sports &#8211; associated with the development of new forms of practices and uses &#8211; implements the need for new organisations, and relationships with the territories.<\/p>\n<p>This requires a renewal of architectural programmes in rapidly changing cities. The exhibition presents a first approach based on interactive immersive and innovative devices.<\/p>\n<p><a href=\"https:\/\/weissenhofmuseum.de\/wp-content\/uploads\/2024\/04\/Cabougeneville_Einladung_Faltblatt.pdf\">Cabougeneville_Einladung_Faltblatt<\/a><\/p>\n<p>&nbsp;<\/p>\n<p><!--more--><\/p>\n<p><strong>Opening on Thursday, May 16, 2024<\/strong><\/p>\n<p><strong>4 &#8211; 6.30 pm<\/strong> all exhibition venues open<br \/>\n<strong>7 pm opening<\/strong> &#8211; greetings, lecture by Dimitri Roussel (DREAM)<br \/>\nStaatliche Akademie der Bildenden K\u00fcnste (H\u00f6rsaal, Neubau 2. Am Wei\u00dfenhof 1, 70191 Stuttgart)<br \/>\nFollowed by a get-together in the Architekturgallerie am Weissenhof and in the Weissenhof Werkstatt in the Mies van der Rohe House<\/p>\n<p>&nbsp;<\/p>\n<p><strong>5-part exhibition course<br \/>\nMarch 16 &#8211; June 30, 2024<br \/>\n<\/strong>1. Weissenhofwerkstatt im Haus Mies van der Rohe &#8211; 2. Architekturgalerie am Wei\u00dfenhof &#8211; 3. BDA Wechselraum &#8211; 4. Schaufenster des iba-Raums Calwer Stra\u00dfe 5\/Kienestra\u00dfe &#8211; 5. Institut francais<\/p>\n<p><strong>Common opening hours of all institutions<\/strong><br \/>\nTue &#8211; Thu, 2-5 pm<br \/>\nFri, 2 &#8211; 4 pm<\/p>\n<p><strong>Opening hours Weissenhofwerkstatt in Haus Mies van der Rohe<\/strong> (Am Weissenhof 20, 70191 Stuttgart)<br \/>\nTue &#8211; Fri, 2-5 p.m.<br \/>\nSat, Sun, public holidays, 12-5 p.m.<\/p>\n<p>Opening hours of the partners: see flyer or the respective homepage<\/p>\n<p>&nbsp;<\/p>\n<p><strong>Accompanying program:<\/strong><\/p>\n<p><strong>Fri, June 7, 4-6 pm<\/strong><br \/>\nGuided tour of the city with students from Stuttgart University of Applied Sciences (meeting point: IBA&#8217;27 room, Calwer Stra\u00dfe 5\/corner of Kienestra\u00dfe)<\/p>\n<p><strong>Sat, June 22, 3 &#8211; 7 pm<\/strong><br \/>\nParcours with performances<\/p>\n<p>&nbsp;<\/p>\n<p><strong>An exhibition by:<\/strong> S<a href=\"https:\/\/sitelecorbusier.com\/\" target=\"_blank\" rel=\"noopener\">ite Le Corbusier<\/a>, in Zusammenarbeit mit dem <a href=\"https:\/\/www.dream.archi\/fr\" target=\"_blank\" rel=\"noopener\">Architekturb\u00fcro DREAM<\/a><br \/>\n<strong>A project by:<\/strong> <a href=\"http:\/\/www.franzoesischewochen.de\/\" target=\"_blank\" rel=\"noopener\">Institut francais<\/a> (Gesamtkoordination)- <a href=\"https:\/\/weissenhofgalerie.de\/\" target=\"_blank\" rel=\"noopener\">Architekturgalerie am Wei\u00dfenhof<\/a> &#8211; <a href=\"https:\/\/www.bda-bawue.de\/\" target=\"_blank\" rel=\"noopener\">BDA Bund Deutscher Architekten Baden-W\u00fcrttemberg<\/a> &#8211; <a href=\"https:\/\/friends.iba27.de\/\" target=\"_blank\" rel=\"noopener\">iba&#8217;27-friends.<\/a><br \/>\n<strong>With contributions from:<\/strong> Hochschule f\u00fcr Technik, Univerit\u00e4t Stuttgart<br \/>\n<strong>With the kind support of:<\/strong> Ministerium f\u00fcr Wissenschaft, Forschung und Kunst; Kulturamt Stuttgart; Freunde des Institut francais, Freunde der Weissenhofsiedlung, iba&#8217;27 friends, W\u00fcstenrot Stiftung<\/p>","protected":false},"excerpt":{"rendered":"Sorry, this entry is only available in Deutsch.","protected":false},"author":5,"featured_media":0,"comment_status":"closed","ping_status":"open","sticky":false,"template":"","format":"standard","meta":{"_acf_changed":false,"footnotes":""},"categories":[1],"tags":[],"class_list":["post-2724","post","type-post","status-publish","format-standard","hentry","category-allgemein"],"acf":[],"_links":{"self":[{"href":"https:\/\/weissenhofmuseum.de\/en\/wp-json\/wp\/v2\/posts\/2724","targetHints":{"allow":["GET"]}}],"collection":[{"href":"https:\/\/weissenhofmuseum.de\/en\/wp-json\/wp\/v2\/posts"}],"about":[{"href":"https:\/\/weissenhofmuseum.de\/en\/wp-json\/wp\/v2\/types\/post"}],"author":[{"embeddable":true,"href":"https:\/\/weissenhofmuseum.de\/en\/wp-json\/wp\/v2\/users\/5"}],"replies":[{"embeddable":true,"href":"https:\/\/weissenhofmuseum.de\/en\/wp-json\/wp\/v2\/comments?post=2724"}],"version-history":[{"count":10,"href":"https:\/\/weissenhofmuseum.de\/en\/wp-json\/wp\/v2\/posts\/2724\/revisions"}],"predecessor-version":[{"id":2790,"href":"https:\/\/weissenhofmuseum.de\/en\/wp-json\/wp\/v2\/posts\/2724\/revisions\/2790"}],"wp:attachment":[{"href":"https:\/\/weissenhofmuseum.de\/en\/wp-json\/wp\/v2\/media?parent=2724"}],"wp:term":[{"taxonomy":"category","embeddable":true,"href":"https:\/\/weissenhofmuseum.de\/en\/wp-json\/wp\/v2\/categories?post=2724"},{"taxonomy":"post_tag","embeddable":true,"href":"https:\/\/weissenhofmuseum.de\/en\/wp-json\/wp\/v2\/tags?post=2724"}],"curies":[{"name":"wp","href":"https:\/\/api.w.org\/{rel}","templated":true}]}}