{"id":2781,"date":"2024-07-08T09:22:58","date_gmt":"2024-07-08T07:22:58","guid":{"rendered":"https:\/\/weissenhofmuseum.de\/?p=2781"},"modified":"2024-07-25T10:48:08","modified_gmt":"2024-07-25T08:48:08","slug":"freier-eintritt-ins-weissenhofmuseumeroeffnungswochenende-sommer-der-kuenste","status":"publish","type":"post","link":"https:\/\/weissenhofmuseum.de\/en\/freier-eintritt-ins-weissenhofmuseumeroeffnungswochenende-sommer-der-kuenste\/","title":{"rendered":"Free admission Weissenhofmuseum<br>Opening weekend &#8220;Sommer der K\u00fcnste&#8221;"},"content":{"rendered":"<p>From 18-22 July we celebrate in Stuttgart<\/p>\n<p><strong>SOMMER DER K\u00dcNSTE &#8211; Villa Massimo zu Gast in Stuttgart<\/strong><br \/>\n<strong>18 K\u00fcnstler:innen, 8 Institutionen<\/strong><\/p>\n<p>The German Academy of Rome Villa Massimo is presenting itself in Baden-W\u00fcrttemberg for the first time. Two academic years will be showing their works created in Rome or especially for the presentation in Stuttgart. This weekend&#8217;s programme ranges from concerts, readings and exhibitions to guided tours, panel discussions and installations in public spaces.<\/p>\n<p>To mark the opening weekend, we are offering <strong>free admission<\/strong> to the <strong>Weissenhofmuseum im Haus Le Corbusier<\/strong>, the <strong>Weissenhof Werkstatt im Haus Mies van der Rohe<\/strong> and the <strong>Bruckmannweg 10<\/strong> property from <strong>18-21 July 2024<\/strong>.<\/p>\n<p>The architect and Rome Prize winner Susanne Brorson will be exhibiting her work saisonaler salon and her exhibition seasonal spontaneous at the Weissenhofsiedung.<\/p>\n<p>The PROGRAMME of all institutions can be found <a href=\"http:\/\/www.villamassimo.de\" target=\"_blank\" rel=\"noopener\">here<\/a><br \/>\nor as a download: <a href=\"https:\/\/weissenhofmuseum.de\/wp-content\/uploads\/2024\/07\/Flyer_Sommer-der-Kuenste_Web.pdf\">Flyer_Sommer der K\u00fcnste_Web<\/a><\/p>","protected":false},"excerpt":{"rendered":"From 18-22 July we celebrate in Stuttgart SOMMER DER K\u00dcNSTE &#8211; Villa Massimo zu Gast in Stuttgart 18 K\u00fcnstler:innen, 8 Institutionen The German Academy of Rome Villa Massimo is presenting itself in Baden-W\u00fcrttemberg for the first time. Two academic years will be showing their works created in Rome or especially for the presentation in Stuttgart. [&hellip;]","protected":false},"author":5,"featured_media":0,"comment_status":"closed","ping_status":"open","sticky":false,"template":"","format":"standard","meta":{"_acf_changed":false,"footnotes":""},"categories":[1],"tags":[],"class_list":["post-2781","post","type-post","status-publish","format-standard","hentry","category-allgemein"],"acf":[],"_links":{"self":[{"href":"https:\/\/weissenhofmuseum.de\/en\/wp-json\/wp\/v2\/posts\/2781","targetHints":{"allow":["GET"]}}],"collection":[{"href":"https:\/\/weissenhofmuseum.de\/en\/wp-json\/wp\/v2\/posts"}],"about":[{"href":"https:\/\/weissenhofmuseum.de\/en\/wp-json\/wp\/v2\/types\/post"}],"author":[{"embeddable":true,"href":"https:\/\/weissenhofmuseum.de\/en\/wp-json\/wp\/v2\/users\/5"}],"replies":[{"embeddable":true,"href":"https:\/\/weissenhofmuseum.de\/en\/wp-json\/wp\/v2\/comments?post=2781"}],"version-history":[{"count":7,"href":"https:\/\/weissenhofmuseum.de\/en\/wp-json\/wp\/v2\/posts\/2781\/revisions"}],"predecessor-version":[{"id":2835,"href":"https:\/\/weissenhofmuseum.de\/en\/wp-json\/wp\/v2\/posts\/2781\/revisions\/2835"}],"wp:attachment":[{"href":"https:\/\/weissenhofmuseum.de\/en\/wp-json\/wp\/v2\/media?parent=2781"}],"wp:term":[{"taxonomy":"category","embeddable":true,"href":"https:\/\/weissenhofmuseum.de\/en\/wp-json\/wp\/v2\/categories?post=2781"},{"taxonomy":"post_tag","embeddable":true,"href":"https:\/\/weissenhofmuseum.de\/en\/wp-json\/wp\/v2\/tags?post=2781"}],"curies":[{"name":"wp","href":"https:\/\/api.w.org\/{rel}","templated":true}]}}